{"id":2156,"date":"2021-06-15T01:00:33","date_gmt":"2021-06-15T01:00:33","guid":{"rendered":"https:\/\/abibcor.org.ar\/portalbibliotecaspopularescba\/?p=2156"},"modified":"2021-06-22T19:37:18","modified_gmt":"2021-06-22T19:37:18","slug":"introduccion-a-la-conservacion-preventiva-del-material-bibliografico-y-documental-en-museo-de-bibliotecas","status":"publish","type":"post","link":"https:\/\/abibcor.org.ar\/portalbibliotecaspopularescba\/introduccion-a-la-conservacion-preventiva-del-material-bibliografico-y-documental-en-museo-de-bibliotecas\/","title":{"rendered":"Introducci\u00f3n a la Conservaci\u00f3n Preventiva del Material Bibliogr\u00e1fico y Documental en Museo de Bibliotecas"},"content":{"rendered":"<div id=\"primary\" class=\"style-scope ytd-watch-flexy\">\n<div id=\"primary-inner\" class=\"style-scope ytd-watch-flexy\">\n<div id=\"meta\" class=\"style-scope ytd-watch-flexy\">\n<div id=\"meta-contents\" class=\"style-scope ytd-watch-flexy\">\n<div id=\"container\" class=\"style-scope ytd-video-secondary-info-renderer\">\n<div id=\"content\" class=\"style-scope ytd-expander\">\n<div style=\"text-align: center;\"><strong><span class=\"style-scope yt-formatted-string\" dir=\"auto\" style=\"color: #008000;\">Introducci\u00f3n a la Conservaci\u00f3n Preventiva del Material Bibliogr\u00e1fico y Documental<\/span><\/strong><\/div>\n<div style=\"text-align: center;\"><strong><span class=\"style-scope yt-formatted-string\" dir=\"auto\" style=\"color: #008000;\"> en Museo de Bibliotecas\u00a0<\/span><span class=\"style-scope yt-formatted-string\" dir=\"auto\" style=\"color: #008000;\">Populares.<\/span><\/strong><\/div>\n<div><span class=\"style-scope yt-formatted-string\" dir=\"auto\"><strong><span style=\"color: #008000;\">Fecha:<\/span><\/strong> 22 de Junio de 2021.\u00a0<\/span><\/div>\n<div><strong><span class=\"style-scope yt-formatted-string\" dir=\"auto\" style=\"color: #008000;\"> Horario: <\/span><\/strong><span class=\"style-scope yt-formatted-string\" dir=\"auto\">17:00<\/span><span class=\"style-scope yt-formatted-string\" dir=\"auto\"> a 19 hs. <\/span><\/div>\n<div><span class=\"style-scope yt-formatted-string\" dir=\"auto\"><strong><span style=\"color: #008000;\">Capacitador:<\/span><\/strong> Julio Meli\u00e1n <\/span><\/div>\n<div><\/div>\n<div><span class=\"style-scope yt-formatted-string\" dir=\"auto\"><strong><span style=\"color: #008000;\">Fundamentaci\u00f3n:<\/span><\/strong><\/span><\/div>\n<div><\/div>\n<div><span class=\"style-scope yt-formatted-string\" dir=\"auto\"> La Bibliotecas Populares custodian una gran parte de nuestro patrimonio como Textos escolares, libros de lecturas, Revistas, Publicaciones Peri\u00f3dicas y obra gr\u00e1fica de gran importancia, tanto por su valor hist\u00f3rico-art\u00edstico como por ser testigos de nuestra historia y memoria viva de nuestro pasado. El soporte de muchos de estos documentos y libros es fr\u00e1gil y delicado. Todos nosotros hemos comprobado alguna vez como por ignorancia o por descuido una parte de ese patrimonio se ha perdido sin remedio. Su conservaci\u00f3n en adecuadas condiciones exige un buen conocimiento de los elementos que lo constituyen, su naturaleza y estructura, las diversas causas existentes de deterioro y su control. Estos conocimientos implican tambi\u00e9n analizar las condiciones de los dep\u00f3sitos y locales, y el estado de los libros o documentos y proporciona la posibilidad de establecer medidas preventivas para frenar o evitar deterioros importantes. Una causa de desperfectos es el tratamiento inadecuado para el montaje de exposiciones de libros y documentos. <\/span><\/div>\n<div><\/div>\n<div><span class=\"style-scope yt-formatted-string\" dir=\"auto\"><strong><span style=\"color: #008000;\">Bibl. Julio Fabi\u00e1n Meli\u00e1n<\/span> <\/strong><\/span><\/div>\n<ul>\n<li><span class=\"style-scope yt-formatted-string\" dir=\"auto\">Director de la Biblioteca del Hospital Nacional de Cl\u00ednicas Facultad de Medicina U.N.C <\/span><\/li>\n<li><span class=\"style-scope yt-formatted-string\" dir=\"auto\">Coordinador de la Biblioteca del I.E.S. Sim\u00f3n Bol\u00edvar del Ministerio de Educaci\u00f3n de la Provincia de C\u00f3rdoba.<\/span><\/li>\n<li><span class=\"style-scope yt-formatted-string\" dir=\"auto\">Profesor Adjunto de Historia del Libro y las Bibliotecas de la carrera de Tecnicatura Universitaria en Bibliotecolog\u00eda de la Universidad Nacional de la Rioja UNLAR. <\/span><\/li>\n<\/ul>\n<p><span class=\"style-scope yt-formatted-string\" dir=\"auto\"><strong><span style=\"color: #008000;\">Objetivos:<\/span><\/strong> <\/span><\/p>\n<ul>\n<li><span class=\"style-scope yt-formatted-string\" dir=\"auto\">Comprender la importancia de la Conservaci\u00f3n del Patrimonio Cultural Bibliogr\u00e1fico en las Bibliotecas Populares a fin de poder abordar acciones de Conservaci\u00f3n Preventiva. <\/span><\/li>\n<\/ul>\n<p><span class=\"style-scope yt-formatted-string\" dir=\"auto\"><span style=\"color: #008000;\"><strong>Impacto esperado<\/strong><\/span><\/span><\/p>\n<ul>\n<li><span class=\"style-scope yt-formatted-string\" dir=\"auto\">Concientizar al Personal de Bibliotecas Populares la importancia que tiene el Patrimonio Bibliogr\u00e1fico y Documental <\/span><\/li>\n<\/ul>\n<p><strong><span class=\"style-scope yt-formatted-string\" dir=\"auto\" style=\"color: #008000;\">Ejes tem\u00e1ticos:<\/span><\/strong><\/p>\n<ul>\n<li><span class=\"style-scope yt-formatted-string\" dir=\"auto\">Concepto y criterios de conservaci\u00f3n, prevenci\u00f3n y restauraci\u00f3n.<\/span><\/li>\n<li>Identificaci\u00f3n del deterioro de los documentos Bibliogr\u00e1ficos, causas intr\u00ednsecas y extr\u00ednsecas.<\/li>\n<li>Medidas para la evaluaci\u00f3n y control de los factores ambientales: temperatura, humedad, luz y contaminaci\u00f3n.<\/li>\n<li>Caracter\u00edsticas de los espacios y del Mobiliario para la preservaci\u00f3n de colecciones.<\/li>\n<\/ul>\n<p><strong><span style=\"color: #008000;\">Destinatarios<\/span><\/strong><\/p>\n<ul>\n<li>Profesional Bibliotecario, trabajadores y dirigentes de Bibliotecas Populares Formulario de Inscripci\u00f3n:<\/li>\n<\/ul>\n<p><strong><span style=\"color: #008000;\">Formulario de Inscripci\u00f3n:<\/span><\/strong> <a href=\"https:\/\/forms.gle\/jE1tk4TXdzHJRtQPA\">https:\/\/forms.gle\/jE1tk4TXdzHJRtQPA<\/a><\/p>\n<p><strong><span style=\"color: #008000;\">Transmisi\u00f3n en vivo:<\/span><\/strong><\/p>\n<ul>\n<li>Canal de YouTube y Facebook Live de la Asociaci\u00f3n Bibliotecarios de C\u00f3rdoba<\/li>\n<\/ul>\n<p>Se entregar\u00e1n certificados de asistencia.<\/p>\n<p><strong><span style=\"color: #008000;\">Para mayor informaci\u00f3n enviar correo electr\u00f3nico a<\/span><\/strong>\u00a0<a href=\"abibcor@gmail.com\">abibcor@gmail.com<\/a><\/p>\n<p><strong><span style=\"color: #008000;\"> P\u00e1gina web:<\/span><\/strong>\u00a0<a href=\"https:\/\/abibcor.org.ar\/portalbibliotecaspopularescba\">https:\/\/abibcor.org.ar\/portalbibliotecaspopularescba<\/a><\/p>\n<p><a class=\"yt-simple-endpoint style-scope yt-formatted-string\" dir=\"auto\" spellcheck=\"false\" href=\"https:\/\/www.youtube.com\/hashtag\/abibcor\">#Abibcor<\/a> <a class=\"yt-simple-endpoint style-scope yt-formatted-string\" dir=\"auto\" spellcheck=\"false\" href=\"https:\/\/www.youtube.com\/hashtag\/asociacionbibliotecariosdecordoba\">#AsociacionBibliotecariosdeCordoba<\/a> <a class=\"yt-simple-endpoint style-scope yt-formatted-string\" dir=\"auto\" spellcheck=\"false\" href=\"https:\/\/www.youtube.com\/hashtag\/bibliotecapopulares\">#BibliotecaPopulares<\/a><a class=\"yt-simple-endpoint style-scope yt-formatted-string\" dir=\"auto\" spellcheck=\"false\" href=\"https:\/\/www.youtube.com\/hashtag\/preservacionyconservaci%C3%B3n\">#Preservacionyconservaci\u00f3n<\/a><\/p>\n<p style=\"text-align: center;\"><iframe loading=\"lazy\" title=\"YouTube video player\" src=\"https:\/\/www.youtube.com\/embed\/oIhPAA8sNr0\" width=\"560\" height=\"315\" frameborder=\"0\" allowfullscreen=\"allowfullscreen\"><\/iframe><\/p>\n<\/div>\n<\/div>\n<\/div>\n<\/div>\n<\/div>\n<\/div>\n","protected":false},"excerpt":{"rendered":"<p>Introducci\u00f3n a la Conservaci\u00f3n Preventiva del Material Bibliogr\u00e1fico y Documental en Museo de Bibliotecas\u00a0Populares. Fecha: 22 de Junio de 2021.\u00a0 Horario: 17:00 a 19 hs. Capacitador: Julio Meli\u00e1n Fundamentaci\u00f3n: La Bibliotecas Populares custodian una gran parte de nuestro patrimonio como <a href=\"https:\/\/abibcor.org.ar\/portalbibliotecaspopularescba\/introduccion-a-la-conservacion-preventiva-del-material-bibliografico-y-documental-en-museo-de-bibliotecas\/\" class=\"read-more\">Leer m\u00e1s&#8230;<\/a><\/p>\n","protected":false},"author":3,"featured_media":2157,"comment_status":"open","ping_status":"open","sticky":false,"template":"","format":"standard","meta":{"footnotes":""},"categories":[5],"tags":[76,75],"class_list":["post-2156","post","type-post","status-publish","format-standard","has-post-thumbnail","hentry","category-bibliotecas-populares","tag-museos-en-bibliotecas-populares","tag-preservacion-y-conservacion"],"_links":{"self":[{"href":"https:\/\/abibcor.org.ar\/portalbibliotecaspopularescba\/wp-json\/wp\/v2\/posts\/2156","targetHints":{"allow":["GET"]}}],"collection":[{"href":"https:\/\/abibcor.org.ar\/portalbibliotecaspopularescba\/wp-json\/wp\/v2\/posts"}],"about":[{"href":"https:\/\/abibcor.org.ar\/portalbibliotecaspopularescba\/wp-json\/wp\/v2\/types\/post"}],"author":[{"embeddable":true,"href":"https:\/\/abibcor.org.ar\/portalbibliotecaspopularescba\/wp-json\/wp\/v2\/users\/3"}],"replies":[{"embeddable":true,"href":"https:\/\/abibcor.org.ar\/portalbibliotecaspopularescba\/wp-json\/wp\/v2\/comments?post=2156"}],"version-history":[{"count":9,"href":"https:\/\/abibcor.org.ar\/portalbibliotecaspopularescba\/wp-json\/wp\/v2\/posts\/2156\/revisions"}],"predecessor-version":[{"id":2187,"href":"https:\/\/abibcor.org.ar\/portalbibliotecaspopularescba\/wp-json\/wp\/v2\/posts\/2156\/revisions\/2187"}],"wp:featuredmedia":[{"embeddable":true,"href":"https:\/\/abibcor.org.ar\/portalbibliotecaspopularescba\/wp-json\/wp\/v2\/media\/2157"}],"wp:attachment":[{"href":"https:\/\/abibcor.org.ar\/portalbibliotecaspopularescba\/wp-json\/wp\/v2\/media?parent=2156"}],"wp:term":[{"taxonomy":"category","embeddable":true,"href":"https:\/\/abibcor.org.ar\/portalbibliotecaspopularescba\/wp-json\/wp\/v2\/categories?post=2156"},{"taxonomy":"post_tag","embeddable":true,"href":"https:\/\/abibcor.org.ar\/portalbibliotecaspopularescba\/wp-json\/wp\/v2\/tags?post=2156"}],"curies":[{"name":"wp","href":"https:\/\/api.w.org\/{rel}","templated":true}]}}