{"id":2226,"date":"2021-09-18T11:43:21","date_gmt":"2021-09-18T11:43:21","guid":{"rendered":"http:\/\/abibcor.org.ar\/portalbibliotecaspopularescba\/?p=2226"},"modified":"2021-09-18T12:06:10","modified_gmt":"2021-09-18T12:06:10","slug":"charla-el-rol-del-librero-infantil-lecturas-y-bibliotecas-actividad-en-el-marco-de-la-19-maraton-nacional-de-lectura","status":"publish","type":"post","link":"https:\/\/abibcor.org.ar\/portalbibliotecaspopularescba\/charla-el-rol-del-librero-infantil-lecturas-y-bibliotecas-actividad-en-el-marco-de-la-19-maraton-nacional-de-lectura\/","title":{"rendered":"Charla: El rol del librero infantil, lecturas y bibliotecas. Actividad en el marco de la 19\u00b0 Marat\u00f3n Nacional de Lectura."},"content":{"rendered":"<p><span style=\"color: #ff6600;\"><strong>Charla:<\/strong><\/span>\u00a0El rol del librero infantil, lecturas y bibliotecas.<br \/>\n<span style=\"color: #ff6600;\"><strong>Fecha:<\/strong>\u00a0<\/span>Viernes 24 de septiembre<br \/>\n<strong><span style=\"color: #ff6600;\">Horario:<\/span>\u00a0<\/strong>16<\/p>\n<p><span style=\"color: #ff6600;\"><strong>Actividad en el marco de la 19\u00b0 Marat\u00f3n Nacional de Lectura<\/strong><\/span><\/p>\n<p><span style=\"color: #ff6600;\"><strong>Invitadas:<\/strong><\/span><\/p>\n<ul>\n<li>Florencia Zanotti (Librer\u00eda La Romeria)<\/li>\n<li>Gretel Najera (Librer\u00eda Pantuflas)<\/li>\n<\/ul>\n<p><span style=\"color: #ff6600;\"><strong>Moderaci\u00f3n:<\/strong><\/span><\/p>\n<ul>\n<li>Romina Flores (ABC)<\/li>\n<li>Claudia L\u00f3pez (ABC)<\/li>\n<\/ul>\n<p><span style=\"color: #ff6600;\"><strong>Gretel Najera<\/strong><\/span><\/p>\n<p>Es docente de nivel primario. Licenciada y Profesora de Sociolog\u00eda por la Universidad Nacional de Buenos Aires. Maestr\u00eda en Ciencias Sociales y Humanas por la Universidad Federal do ABC, Sao Pablo, Brasil.<\/p>\n<p><span style=\"color: #ff6600;\"><strong>Pantuflas:<\/strong><\/span><\/p>\n<ul>\n<li>Pantuflas existe desde hace cerca de 4 a\u00f1os, inici\u00f3 como Club de Libros infantil y se ampli\u00f3 a Libreria infantil.<br \/>\nRedes Sociales.<\/li>\n<li>En Pantuflas creemos en el poder que tienen los libros en manos de beb\u00e9s, ni\u00f1os, j\u00f3venes y tambi\u00e9n adultos. Sabemos que un beb\u00e9 que manipula libros (de tela, de goma, de carton\u00e9), crece sabiendo que ese es un objeto precioso.<\/li>\n<li>Hemos visto como peque\u00f1os que apenas consiguen ponerse en pie detienen su atenci\u00f3n frente a una poes\u00eda dicha con amor por su cuidador.<\/li>\n<li>Conocemos el poder de desarrollar la imaginaci\u00f3n que el mundo de los libros tiene, en un momento de preeminencia de pantallas y de instant\u00e1neas, la literatura nos obliga a ser pacientes, a darle tiempo a la historia, a ir y volver sobre lo que nos queda en el tintero, a concentrarnos.<\/li>\n<\/ul>\n<p><strong><span style=\"color: #ff6600;\">Florencia Zanotti<\/span><\/strong><\/p>\n<p>Fan\u00e1tica de los libros, lectora desde que me acuerdo, me encantan los ni\u00f1os y tengo muy buen ojo para recomendar. Desde 2018 soy la persona detr\u00e1s de La Romer\u00eda: un espacio dedicado a acercar la literatura a la infancia.<\/p>\n<p><span style=\"color: #ff6600;\"><strong>La Romer\u00eda<\/strong><\/span><br \/>\nEs una librer\u00eda que nace del amor por los libros y los ni\u00f1os. Minuciosamente elegimos libros que nos maravillan, con historias que nos cautivan, con ilustraciones hermosas. Nuestro cat\u00e1logo est\u00e1 compuesto por libros de calidad art\u00edstica y literaria, libros que que quedan en la memoria durante toda la vida.<\/p>\n<p><span style=\"color: #ff6600;\"><strong>Productos<\/strong><\/span><\/p>\n<ul>\n<li>Libros infantiles para ni\u00f1os y ni\u00f1as de 0 a 10 a\u00f1os<\/li>\n<li>Suscripci\u00f3n mensual literaria<\/li>\n<li>Cursos de literatura infantil para adultos<\/li>\n<\/ul>\n<p>La Marat\u00f3n Nacional de la Lectura se celebrar\u00e1 el pr\u00f3ximo 24 de septiembre: ese d\u00eda millones de chicos, j\u00f3venes y adultos estaremos conectados en todos los rincones del pa\u00eds -desde las instituciones o desde casa- leyendo y disfrutando de actividades de lectura. El lema de este a\u00f1o: Relatos se oyen al pasar. Una Marat\u00f3n con la literatura en boca de todos.<br \/>\nUn a\u00f1o m\u00e1s acompa\u00f1amos a los ni\u00f1os y ni\u00f1as, los docentes y las familias para que puedan compartir una jornada de lectura y actividades en torno a ella.<\/p>\n<p><strong><span style=\"color: #ff6600;\">Transmisi\u00f3n en vivo en el Facebook Live y Canal de Youtube de la Asociaci\u00f3n Bibliotecarios de C\u00f3rdoba<\/span><\/strong><\/p>\n<p><span style=\"color: #ff6600;\"><strong>Formulario de Inscripci\u00f3n:<\/strong><\/span>\u00a0<a href=\"https:\/\/forms.gle\/7yrLxFX4D3sMcEkP8\">https:\/\/forms.gle\/7yrLxFX4D3sMcEkP8<\/a><\/p>\n<p>Se entregar\u00e1n certificados de asistencia.<\/p>\n<p>Las actividades son sin costo. El \u00fanico requisito para poder participar es tener conexi\u00f3n a Internet y suscribirte al canal de Youtube de la Asociaci\u00f3n Bibliotecarios de C\u00f3rdoba.<\/p>\n","protected":false},"excerpt":{"rendered":"<p>Charla:\u00a0El rol del librero infantil, lecturas y bibliotecas. Fecha:\u00a0Viernes 24 de septiembre Horario:\u00a016 Actividad en el marco de la 19\u00b0 Marat\u00f3n Nacional de Lectura Invitadas: Florencia Zanotti (Librer\u00eda La Romeria) Gretel Najera (Librer\u00eda Pantuflas) Moderaci\u00f3n: Romina Flores (ABC) Claudia L\u00f3pez <a href=\"https:\/\/abibcor.org.ar\/portalbibliotecaspopularescba\/charla-el-rol-del-librero-infantil-lecturas-y-bibliotecas-actividad-en-el-marco-de-la-19-maraton-nacional-de-lectura\/\" class=\"read-more\">Leer m\u00e1s&#8230;<\/a><\/p>\n","protected":false},"author":3,"featured_media":2227,"comment_status":"open","ping_status":"open","sticky":false,"template":"","format":"standard","meta":{"footnotes":""},"categories":[14],"tags":[95,92,91,94],"class_list":["post-2226","post","type-post","status-publish","format-standard","has-post-thumbnail","hentry","category-maraton-nacional-de-lectura","tag-la-romeria-libreria","tag-lectura","tag-maraton-nacional-de-lectura","tag-pantuflas-libreria"],"_links":{"self":[{"href":"https:\/\/abibcor.org.ar\/portalbibliotecaspopularescba\/wp-json\/wp\/v2\/posts\/2226","targetHints":{"allow":["GET"]}}],"collection":[{"href":"https:\/\/abibcor.org.ar\/portalbibliotecaspopularescba\/wp-json\/wp\/v2\/posts"}],"about":[{"href":"https:\/\/abibcor.org.ar\/portalbibliotecaspopularescba\/wp-json\/wp\/v2\/types\/post"}],"author":[{"embeddable":true,"href":"https:\/\/abibcor.org.ar\/portalbibliotecaspopularescba\/wp-json\/wp\/v2\/users\/3"}],"replies":[{"embeddable":true,"href":"https:\/\/abibcor.org.ar\/portalbibliotecaspopularescba\/wp-json\/wp\/v2\/comments?post=2226"}],"version-history":[{"count":2,"href":"https:\/\/abibcor.org.ar\/portalbibliotecaspopularescba\/wp-json\/wp\/v2\/posts\/2226\/revisions"}],"predecessor-version":[{"id":2231,"href":"https:\/\/abibcor.org.ar\/portalbibliotecaspopularescba\/wp-json\/wp\/v2\/posts\/2226\/revisions\/2231"}],"wp:featuredmedia":[{"embeddable":true,"href":"https:\/\/abibcor.org.ar\/portalbibliotecaspopularescba\/wp-json\/wp\/v2\/media\/2227"}],"wp:attachment":[{"href":"https:\/\/abibcor.org.ar\/portalbibliotecaspopularescba\/wp-json\/wp\/v2\/media?parent=2226"}],"wp:term":[{"taxonomy":"category","embeddable":true,"href":"https:\/\/abibcor.org.ar\/portalbibliotecaspopularescba\/wp-json\/wp\/v2\/categories?post=2226"},{"taxonomy":"post_tag","embeddable":true,"href":"https:\/\/abibcor.org.ar\/portalbibliotecaspopularescba\/wp-json\/wp\/v2\/tags?post=2226"}],"curies":[{"name":"wp","href":"https:\/\/api.w.org\/{rel}","templated":true}]}}