{"id":2232,"date":"2021-09-18T12:04:14","date_gmt":"2021-09-18T12:04:14","guid":{"rendered":"http:\/\/abibcor.org.ar\/portalbibliotecaspopularescba\/?p=2232"},"modified":"2021-09-18T12:14:00","modified_gmt":"2021-09-18T12:14:00","slug":"19-maraton-nacional-de-lectura-lecturas-relatos-se-oyen-al-pasar-una-maraton-con-la-literatura-en-boca-de-todos-proyeccion-de-lecturas","status":"publish","type":"post","link":"https:\/\/abibcor.org.ar\/portalbibliotecaspopularescba\/19-maraton-nacional-de-lectura-lecturas-relatos-se-oyen-al-pasar-una-maraton-con-la-literatura-en-boca-de-todos-proyeccion-de-lecturas\/","title":{"rendered":"19\u00b0. Marat\u00f3n Nacional de Lectura. \u00abLecturas. Relatos se oyen al pasar. Una marat\u00f3n con la literatura en boca de todos\u00bb. Proyecci\u00f3n de lecturas."},"content":{"rendered":"<p>Participaci\u00f3n de la A.B.C. en la 19\u00b0. Marat\u00f3n Nacional de Lectura \u201c\u00bbLecturas. Relatos se oyen al pasar. Una marat\u00f3n con la literatura en boca de todos\u00bb.<\/p>\n<p><strong><span style=\"color: #ff6600;\">Fecha:<\/span> <\/strong>24\/09\/2021<\/p>\n<p><strong><span style=\"color: #ff6600;\">Horarios:<\/span> <\/strong>10 a 11 y de 17:30 a 18:30<\/p>\n<p>La Marat\u00f3n Nacional de Lectura es una celebraci\u00f3n que invita a todas las instituciones educativas (colegios, bibliotecas, universidades, asociaciones, etc.) a confluir un mismo d\u00eda a una jornada de lectura.<\/p>\n<p>Este a\u00f1o la 19a. Marat\u00f3n Nacional de Lectura se llevar\u00e1 adelante de una manera que nos permitir\u00e1 volver y continuar traspasando fronteras y pantallas con narraciones de cuentos, que ser\u00e1n el eje de nuestro encuentro. La actividad es sin costo.<\/p>\n<p><span style=\"color: #ff6600;\"><strong>Transmisi\u00f3n en vivo en el Facebook Live y Canal de Youtube de la Asociaci\u00f3n Bibliotecarios de C\u00f3rdoba<\/strong><\/span><\/p>\n<p>La actividad es sin costo. El \u00fanico requisito para poder participar es tener conexi\u00f3n a Internet y suscribirte al canal de YouTube de la Asociaci\u00f3n Bibliotecarios de C\u00f3rdoba.<\/p>\n<p style=\"text-align: center;\"><span style=\"color: #ff6600;\"><strong>Proyecci\u00f3n de lecturas 10 a 11<\/strong><\/span><\/p>\n<p style=\"text-align: center;\"><iframe loading=\"lazy\" title=\"YouTube video player\" src=\"https:\/\/www.youtube.com\/embed\/-2v4WFudUTQ\" width=\"560\" height=\"315\" frameborder=\"0\" allowfullscreen=\"allowfullscreen\"><\/iframe><\/p>\n<p style=\"text-align: center;\"><span style=\"color: #ff6600;\"><strong>Proyecci\u00f3n de lecturas 17:30 a 18:30<\/strong><\/span><\/p>\n<p style=\"text-align: center;\"><iframe loading=\"lazy\" title=\"YouTube video player\" src=\"https:\/\/www.youtube.com\/embed\/YpzNVxAsHlk\" width=\"560\" height=\"315\" frameborder=\"0\" allowfullscreen=\"allowfullscreen\"><\/iframe><\/p>\n","protected":false},"excerpt":{"rendered":"<p>Participaci\u00f3n de la A.B.C. en la 19\u00b0. Marat\u00f3n Nacional de Lectura \u201c\u00bbLecturas. Relatos se oyen al pasar. Una marat\u00f3n con la literatura en boca de todos\u00bb. Fecha: 24\/09\/2021 Horarios: 10 a 11 y de 17:30 a 18:30 La Marat\u00f3n Nacional <a href=\"https:\/\/abibcor.org.ar\/portalbibliotecaspopularescba\/19-maraton-nacional-de-lectura-lecturas-relatos-se-oyen-al-pasar-una-maraton-con-la-literatura-en-boca-de-todos-proyeccion-de-lecturas\/\" class=\"read-more\">Leer m\u00e1s&#8230;<\/a><\/p>\n","protected":false},"author":3,"featured_media":2233,"comment_status":"open","ping_status":"open","sticky":false,"template":"","format":"standard","meta":{"footnotes":""},"categories":[14],"tags":[93,92,91],"class_list":["post-2232","post","type-post","status-publish","format-standard","has-post-thumbnail","hentry","category-maraton-nacional-de-lectura","tag-animacion-a-la-lectura","tag-lectura","tag-maraton-nacional-de-lectura"],"_links":{"self":[{"href":"https:\/\/abibcor.org.ar\/portalbibliotecaspopularescba\/wp-json\/wp\/v2\/posts\/2232","targetHints":{"allow":["GET"]}}],"collection":[{"href":"https:\/\/abibcor.org.ar\/portalbibliotecaspopularescba\/wp-json\/wp\/v2\/posts"}],"about":[{"href":"https:\/\/abibcor.org.ar\/portalbibliotecaspopularescba\/wp-json\/wp\/v2\/types\/post"}],"author":[{"embeddable":true,"href":"https:\/\/abibcor.org.ar\/portalbibliotecaspopularescba\/wp-json\/wp\/v2\/users\/3"}],"replies":[{"embeddable":true,"href":"https:\/\/abibcor.org.ar\/portalbibliotecaspopularescba\/wp-json\/wp\/v2\/comments?post=2232"}],"version-history":[{"count":4,"href":"https:\/\/abibcor.org.ar\/portalbibliotecaspopularescba\/wp-json\/wp\/v2\/posts\/2232\/revisions"}],"predecessor-version":[{"id":2237,"href":"https:\/\/abibcor.org.ar\/portalbibliotecaspopularescba\/wp-json\/wp\/v2\/posts\/2232\/revisions\/2237"}],"wp:featuredmedia":[{"embeddable":true,"href":"https:\/\/abibcor.org.ar\/portalbibliotecaspopularescba\/wp-json\/wp\/v2\/media\/2233"}],"wp:attachment":[{"href":"https:\/\/abibcor.org.ar\/portalbibliotecaspopularescba\/wp-json\/wp\/v2\/media?parent=2232"}],"wp:term":[{"taxonomy":"category","embeddable":true,"href":"https:\/\/abibcor.org.ar\/portalbibliotecaspopularescba\/wp-json\/wp\/v2\/categories?post=2232"},{"taxonomy":"post_tag","embeddable":true,"href":"https:\/\/abibcor.org.ar\/portalbibliotecaspopularescba\/wp-json\/wp\/v2\/tags?post=2232"}],"curies":[{"name":"wp","href":"https:\/\/api.w.org\/{rel}","templated":true}]}}