{"id":2261,"date":"2023-03-12T14:39:46","date_gmt":"2023-03-12T14:39:46","guid":{"rendered":"http:\/\/abibcor.org.ar\/portalbibliotecaspopularescba\/?p=2261"},"modified":"2023-03-12T15:37:57","modified_gmt":"2023-03-12T15:37:57","slug":"jornada-de-formacion-innovacion-tecnologica-en-la-gestion-de-bibliotecas-populares","status":"publish","type":"post","link":"https:\/\/abibcor.org.ar\/portalbibliotecaspopularescba\/jornada-de-formacion-innovacion-tecnologica-en-la-gestion-de-bibliotecas-populares\/","title":{"rendered":"Jornada de formaci\u00f3n: \u00abInnovaci\u00f3n tecnol\u00f3gica en la gesti\u00f3n de bibliotecas populares\u00bb."},"content":{"rendered":"<div class=\"x11i5rnm xat24cr x1mh8g0r x1vvkbs xdj266r x126k92a\">\n<div dir=\"auto\"><span style=\"color: #000000;\"><strong>Jornada de formaci\u00f3n: \u00abInnovaci\u00f3n tecnol\u00f3gica en la gesti\u00f3n de bibliotecas populares\u00bb.<\/strong><\/span><\/div>\n<div dir=\"auto\">\n<div class=\"x11i5rnm xat24cr x1mh8g0r x1vvkbs xtlvy1s x126k92a\">\n<div dir=\"auto\"><span style=\"color: #000000;\"><strong>Grupo: #synergia<\/strong><\/span><\/div>\n<ul>\n<li dir=\"auto\">Actividad en el marco de las Becas de Formaci\u00f3n Fondo Nacional de las Artes.<\/li>\n<li dir=\"auto\">Avalado por la Federaci\u00f3n de Bibliotecas Populares de la Provincia de C\u00f3rdoba (FEBIPO) y la Asociaci\u00f3n Bibliotecarios de C\u00f3rdoba.<\/li>\n<\/ul>\n<\/div>\n<\/div>\n<\/div>\n<div dir=\"auto\"><span style=\"color: #000000;\"><strong>Equipo de Capacitaci\u00f3n:<\/strong><\/span><\/div>\n<ul>\n<li dir=\"auto\">Lic. Elida Elizondo<\/li>\n<li dir=\"auto\">Lic. Gonzalo Bengochea<\/li>\n<li dir=\"auto\">Bib. Julio Meli\u00e1n<\/li>\n<\/ul>\n<div dir=\"auto\"><\/div>\n<div class=\"x11i5rnm xat24cr x1mh8g0r x1vvkbs xdj266r x126k92a\">\n<div dir=\"auto\"><span style=\"color: #000000;\"><strong>Propuesta presencial y gratuita para indagar en los siguientes ejes tem\u00e1ticos:<\/strong><\/span><\/div>\n<div dir=\"auto\"><\/div>\n<ul>\n<li dir=\"auto\">Direcci\u00f3n estrat\u00e9gica en bibliotecas populares<\/li>\n<li dir=\"auto\">Las TIC como una herramienta de profesionalizaci\u00f3n en las bibliotecas populares<\/li>\n<li dir=\"auto\">Curaci\u00f3n y preservaci\u00f3n del fondo documental de las bibliotecas populares.<\/li>\n<\/ul>\n<\/div>\n<div class=\"x11i5rnm xat24cr x1mh8g0r x1vvkbs xtlvy1s x126k92a\">\n<div dir=\"auto\"><\/div>\n<div dir=\"auto\"><strong>Inscripciones:<\/strong> <a class=\"x1i10hfl xjbqb8w x6umtig x1b1mbwd xaqea5y xav7gou x9f619 x1ypdohk xt0psk2 xe8uvvx xdj266r x11i5rnm xat24cr x1mh8g0r xexx8yu x4uap5 x18d9i69 xkhd6sd x16tdsg8 x1hl2dhg xggy1nq x1a2a7pz xt0b8zv x1fey0fg\" tabindex=\"0\" role=\"link\" href=\"https:\/\/docs.google.com\/forms\/d\/e\/1FAIpQLScpgiCcdVQU-DBi8MTimNK1wcjMwHPpUMojpBfG0UlTH8RRvA\/viewform?fbclid=IwAR2SrcvX4z91sF8Ll_NUdmDYIfx2ESTZ0-CeAWX6BHu6j_39SjzV_MhN06c\" target=\"_blank\" rel=\"nofollow noopener\">https:\/\/docs.google.com\/&#8230;\/1FAIpQLScpgiCcdVQU&#8230;\/viewform<\/a><\/div>\n<\/div>\n<div class=\"x11i5rnm xat24cr x1mh8g0r x1vvkbs xtlvy1s x126k92a\"><\/div>\n<div><\/div>\n<div class=\"x11i5rnm xat24cr x1mh8g0r x1vvkbs xtlvy1s x126k92a\">\n<div dir=\"auto\"><\/div>\n<\/div>\n<div class=\"x11i5rnm xat24cr x1mh8g0r x1vvkbs xtlvy1s x126k92a\">\n<div dir=\"auto\"><strong>Se entregar\u00e1n certificaci\u00f3n por cada participaci\u00f3n.<\/strong><\/div>\n<\/div>\n<div dir=\"auto\"><\/div>\n<div dir=\"auto\"><\/div>\n<div dir=\"auto\"><\/div>\n<div dir=\"auto\" style=\"text-align: center;\"><a href=\"https:\/\/abibcor.org.ar\/portalbibliotecaspopularescba\/wp-content\/uploads\/2023\/03\/PROPUESTA-2-1.pdf\" class=\"pdfemb-viewer\" style=\"\" data-width=\"max\" data-height=\"max\" data-toolbar=\"bottom\" data-toolbar-fixed=\"off\">PROPUESTA (2)<\/a><\/div>\n","protected":false},"excerpt":{"rendered":"<p>Jornada de formaci\u00f3n: \u00abInnovaci\u00f3n tecnol\u00f3gica en la gesti\u00f3n de bibliotecas populares\u00bb. Grupo: #synergia Actividad en el marco de las Becas de Formaci\u00f3n Fondo Nacional de las Artes. Avalado por la Federaci\u00f3n de Bibliotecas Populares de la Provincia de C\u00f3rdoba (FEBIPO) <a href=\"https:\/\/abibcor.org.ar\/portalbibliotecaspopularescba\/jornada-de-formacion-innovacion-tecnologica-en-la-gestion-de-bibliotecas-populares\/\" class=\"read-more\">Leer m\u00e1s&#8230;<\/a><\/p>\n","protected":false},"author":3,"featured_media":2262,"comment_status":"open","ping_status":"open","sticky":false,"template":"","format":"standard","meta":{"footnotes":""},"categories":[5],"tags":[30,97,75,96],"class_list":["post-2261","post","type-post","status-publish","format-standard","has-post-thumbnail","hentry","category-bibliotecas-populares","tag-bibliotecas-populares","tag-de-materiales-bibliograficos","tag-preservacion-y-conservacion","tag-tic"],"_links":{"self":[{"href":"https:\/\/abibcor.org.ar\/portalbibliotecaspopularescba\/wp-json\/wp\/v2\/posts\/2261","targetHints":{"allow":["GET"]}}],"collection":[{"href":"https:\/\/abibcor.org.ar\/portalbibliotecaspopularescba\/wp-json\/wp\/v2\/posts"}],"about":[{"href":"https:\/\/abibcor.org.ar\/portalbibliotecaspopularescba\/wp-json\/wp\/v2\/types\/post"}],"author":[{"embeddable":true,"href":"https:\/\/abibcor.org.ar\/portalbibliotecaspopularescba\/wp-json\/wp\/v2\/users\/3"}],"replies":[{"embeddable":true,"href":"https:\/\/abibcor.org.ar\/portalbibliotecaspopularescba\/wp-json\/wp\/v2\/comments?post=2261"}],"version-history":[{"count":3,"href":"https:\/\/abibcor.org.ar\/portalbibliotecaspopularescba\/wp-json\/wp\/v2\/posts\/2261\/revisions"}],"predecessor-version":[{"id":2267,"href":"https:\/\/abibcor.org.ar\/portalbibliotecaspopularescba\/wp-json\/wp\/v2\/posts\/2261\/revisions\/2267"}],"wp:featuredmedia":[{"embeddable":true,"href":"https:\/\/abibcor.org.ar\/portalbibliotecaspopularescba\/wp-json\/wp\/v2\/media\/2262"}],"wp:attachment":[{"href":"https:\/\/abibcor.org.ar\/portalbibliotecaspopularescba\/wp-json\/wp\/v2\/media?parent=2261"}],"wp:term":[{"taxonomy":"category","embeddable":true,"href":"https:\/\/abibcor.org.ar\/portalbibliotecaspopularescba\/wp-json\/wp\/v2\/categories?post=2261"},{"taxonomy":"post_tag","embeddable":true,"href":"https:\/\/abibcor.org.ar\/portalbibliotecaspopularescba\/wp-json\/wp\/v2\/tags?post=2261"}],"curies":[{"name":"wp","href":"https:\/\/api.w.org\/{rel}","templated":true}]}}