{"id":2273,"date":"2023-04-06T14:18:13","date_gmt":"2023-04-06T14:18:13","guid":{"rendered":"http:\/\/abibcor.org.ar\/portalbibliotecaspopularescba\/?p=2273"},"modified":"2023-04-06T23:15:06","modified_gmt":"2023-04-06T23:15:06","slug":"jornada-de-formacion-innovacion-tecnologica-en-la-gestion-de-bibliotecas-populares-grupo-synergia-villa-maria-cordoba","status":"publish","type":"post","link":"https:\/\/abibcor.org.ar\/portalbibliotecaspopularescba\/jornada-de-formacion-innovacion-tecnologica-en-la-gestion-de-bibliotecas-populares-grupo-synergia-villa-maria-cordoba\/","title":{"rendered":"Jornada de formaci\u00f3n: \u201cInnovaci\u00f3n tecnol\u00f3gica en la gesti\u00f3n de bibliotecas populares\u201d. Grupo: #synergia. Villa Mar\u00eda \u2013 C\u00f3rdoba"},"content":{"rendered":"<p><strong>Jornada de formaci\u00f3n: \u201cInnovaci\u00f3n tecnol\u00f3gica en la gesti\u00f3n de bibliotecas populares\u201d.<\/strong><br \/>\n<strong>Grupo:<\/strong>\u00a0#synergia<\/p>\n<p><strong>Villa Mar\u00eda:<\/strong>\u00a0Biblioteca Municipal y Popular Mariano Moreno<br \/>\n<strong>Fecha:<\/strong>\u00a015\/04\/2023<br \/>\n<strong>Horario:<\/strong>\u00a09:30 a 18:30 hs.\u00a0<strong>Direcci\u00f3n:\u00a0<\/strong>Gdor. Sabattini 40.<\/p>\n<p><strong>Actividad en el marco de las Becas de Formaci\u00f3n Fondo Nacional de las Artes.<\/strong><br \/>\n<strong>Avalado por:\u00a0<\/strong><\/p>\n<ul>\n<li>Federaci\u00f3n de Bibliotecas Populares de la Provincia de C\u00f3rdoba (FEBIPO)<\/li>\n<li>Asociaci\u00f3n Bibliotecarios de C\u00f3rdoba<\/li>\n<\/ul>\n<p><strong>Equipo de Capacitaci\u00f3n:<\/strong><\/p>\n<ul>\n<li>Lic. Elida Elizondo<\/li>\n<li>Lic. Gonzalo Bengochea<\/li>\n<li>Bibl. Julio Meli\u00e1n<\/li>\n<\/ul>\n<p><strong>Propuesta presencial y gratuita para indagar en los siguientes ejes tem\u00e1ticos:<\/strong><\/p>\n<ul>\n<li>Direcci\u00f3n estrat\u00e9gica en bibliotecas populares<\/li>\n<li>Las TIC como una herramienta de profesionalizaci\u00f3n en las bibliotecas populares<\/li>\n<li>Curaci\u00f3n y preservaci\u00f3n del fondo documental de las bibliotecas populares.<\/li>\n<\/ul>\n<p><strong>Inscripciones:<\/strong>\u00a0<a href=\"https:\/\/forms.gle\/HuzQEB5WwwatJpCw7\">https:\/\/forms.gle\/HuzQEB5WwwatJpCw7<\/a><\/p>\n<p>Se entregar\u00e1n certificaci\u00f3n por cada participaci\u00f3n.<\/p>\n<p>&nbsp;<\/p>\n","protected":false},"excerpt":{"rendered":"<p>Jornada de formaci\u00f3n: \u201cInnovaci\u00f3n tecnol\u00f3gica en la gesti\u00f3n de bibliotecas populares\u201d. Grupo:\u00a0#synergia Villa Mar\u00eda:\u00a0Biblioteca Municipal y Popular Mariano Moreno Fecha:\u00a015\/04\/2023 Horario:\u00a09:30 a 18:30 hs.\u00a0Direcci\u00f3n:\u00a0Gdor. Sabattini 40. Actividad en el marco de las Becas de Formaci\u00f3n Fondo Nacional de las Artes. <a href=\"https:\/\/abibcor.org.ar\/portalbibliotecaspopularescba\/jornada-de-formacion-innovacion-tecnologica-en-la-gestion-de-bibliotecas-populares-grupo-synergia-villa-maria-cordoba\/\" class=\"read-more\">Leer m\u00e1s&#8230;<\/a><\/p>\n","protected":false},"author":2,"featured_media":2277,"comment_status":"open","ping_status":"open","sticky":false,"template":"","format":"standard","meta":{"footnotes":""},"categories":[5],"tags":[30,100,99,80,96],"class_list":["post-2273","post","type-post","status-publish","format-standard","has-post-thumbnail","hentry","category-bibliotecas-populares","tag-bibliotecas-populares","tag-curacion-de-material-bibliografico","tag-direccion-estrategica","tag-material-bibliograficos-preservacion-y-conservacion","tag-tic"],"_links":{"self":[{"href":"https:\/\/abibcor.org.ar\/portalbibliotecaspopularescba\/wp-json\/wp\/v2\/posts\/2273","targetHints":{"allow":["GET"]}}],"collection":[{"href":"https:\/\/abibcor.org.ar\/portalbibliotecaspopularescba\/wp-json\/wp\/v2\/posts"}],"about":[{"href":"https:\/\/abibcor.org.ar\/portalbibliotecaspopularescba\/wp-json\/wp\/v2\/types\/post"}],"author":[{"embeddable":true,"href":"https:\/\/abibcor.org.ar\/portalbibliotecaspopularescba\/wp-json\/wp\/v2\/users\/2"}],"replies":[{"embeddable":true,"href":"https:\/\/abibcor.org.ar\/portalbibliotecaspopularescba\/wp-json\/wp\/v2\/comments?post=2273"}],"version-history":[{"count":2,"href":"https:\/\/abibcor.org.ar\/portalbibliotecaspopularescba\/wp-json\/wp\/v2\/posts\/2273\/revisions"}],"predecessor-version":[{"id":2276,"href":"https:\/\/abibcor.org.ar\/portalbibliotecaspopularescba\/wp-json\/wp\/v2\/posts\/2273\/revisions\/2276"}],"wp:featuredmedia":[{"embeddable":true,"href":"https:\/\/abibcor.org.ar\/portalbibliotecaspopularescba\/wp-json\/wp\/v2\/media\/2277"}],"wp:attachment":[{"href":"https:\/\/abibcor.org.ar\/portalbibliotecaspopularescba\/wp-json\/wp\/v2\/media?parent=2273"}],"wp:term":[{"taxonomy":"category","embeddable":true,"href":"https:\/\/abibcor.org.ar\/portalbibliotecaspopularescba\/wp-json\/wp\/v2\/categories?post=2273"},{"taxonomy":"post_tag","embeddable":true,"href":"https:\/\/abibcor.org.ar\/portalbibliotecaspopularescba\/wp-json\/wp\/v2\/tags?post=2273"}],"curies":[{"name":"wp","href":"https:\/\/api.w.org\/{rel}","templated":true}]}}